{"id":3375,"date":"2026-09-06T08:34:06","date_gmt":"2026-09-06T08:34:06","guid":{"rendered":"https:\/\/legeantsportif.dz\/?p=3375"},"modified":"2026-09-06T08:34:07","modified_gmt":"2026-09-06T08:34:07","slug":"pays-bas-feyenoord-ferme-la-porte-a-un-depart-de-hadj-moussa","status":"publish","type":"post","link":"https:\/\/legeantsportif.dz\/index.php\/2026\/09\/06\/pays-bas-feyenoord-ferme-la-porte-a-un-depart-de-hadj-moussa\/","title":{"rendered":"Pays-Bas : Feyenoord ferme la porte \u00e0 un d\u00e9part de Hadj Moussa"},"content":{"rendered":"\n<p class=\"has-black-color has-text-color has-link-color wp-elements-1 wp-block-paragraph\">Longtemps annonc\u00e9 comme l\u2019un des joueurs susceptibles de quitter Feyenoord durant ce mercato estival, Anis Hadj Moussa devrait finalement poursuivre son aventure aux Pays-Bas. \u00c0 quelques heures de la fermeture du march\u00e9 des transferts, le club de Rotterdam aurait d\u00e9cid\u00e9 de conserver son international alg\u00e9rien, malgr\u00e9 l\u2019int\u00e9r\u00eat manifest\u00e9 par plusieurs formations. Selon les informations rapport\u00e9es par ESPN, Feyenoord n\u2019envisagerait d\u00e9sormais plus le d\u00e9part de ses principaux cadres, y compris en cas d\u2019offre financi\u00e8re particuli\u00e8rement importante. La raison est simple : le club n\u00e9erlandais aurait vu plusieurs pistes envisag\u00e9es pour renforcer son effectif se refermer, certains joueurs cibl\u00e9s ayant d\u00e9j\u00e0 rejoint d\u2019autres \u00e9quipes. Dans ces conditions, laisser partir un nouvel \u00e9l\u00e9ment majeur risquerait de d\u00e9s\u00e9quilibrer consid\u00e9rablement le groupe. Cette d\u00e9cision concerne directement Anis Hadj Moussa, devenu au fil des mois un joueur important dans le dispositif de Feyenoord. \u00c0 24 ans, l\u2019ailier alg\u00e9rien sort d\u2019une saison particuli\u00e8rement convaincante en Eredivisie, avec 30 apparitions, 11 buts et 6 passes d\u00e9cisives. Des statistiques qui ont naturellement attir\u00e9 l\u2019attention de plusieurs clubs europ\u00e9ens. Mais Feyenoord compte toujours sur ses qualit\u00e9s techniques, sa percussion et sa capacit\u00e9 \u00e0 faire la diff\u00e9rence dans les derniers m\u00e8tres. Le club de Rotterdam, deuxi\u00e8me du championnat n\u00e9erlandais derri\u00e8re le PSV Eindhoven lors de l\u2019exercice 2025-2026, souhaite retrouver le sommet et estime que l\u2019international alg\u00e9rien constitue l\u2019un de ses principaux atouts pour atteindre cet objectif. Hadj Moussa a d\u2019ailleurs encore d\u00e9montr\u00e9 son importance lors de la derni\u00e8re journ\u00e9e de championnat. Face \u00e0 l\u2019ADO La Haye, l\u2019Alg\u00e9rien a inscrit le but \u00e9galisateur permettant \u00e0 Feyenoord d\u2019\u00e9viter la d\u00e9faite et de repartir avec un nul (2-2). Une nouvelle contribution qui illustre son influence offensive au sein de l\u2019\u00e9quipe. Alors qu\u2019un d\u00e9part semblait encore envisageable il y a quelques semaines, la tendance est donc d\u00e9sormais clairement \u00e0 la continuit\u00e9. Sauf retournement spectaculaire dans les derni\u00e8res heures du mercato, Hadj Moussa devrait rester \u00e0 Rotterdam au moins jusqu\u2019au prochain march\u00e9 hivernal. Pour l\u2019Alg\u00e9rien, cette stabilit\u00e9 pourrait \u00e9galement repr\u00e9senter une excellente opportunit\u00e9 de poursuivre sa progression et de confirmer son statut de joueur majeur de Feyenoord. Le club n\u00e9erlandais, de son c\u00f4t\u00e9, entend bien pr\u00e9server ses forces vives pour mener \u00e0 bien ses ambitions nationales et continentales.<\/p>\n\n\n\n<p class=\"has-text-align-right has-black-color has-text-color has-link-color wp-elements-2 wp-block-paragraph\"><strong>Sidou Samy<\/strong><\/p>\n\n\n\n<p class=\"wp-block-paragraph\"><\/p>\n","protected":false},"excerpt":{"rendered":"<p>Longtemps annonc\u00e9 comme l\u2019un des joueurs susceptibles de quitter Feyenoord durant ce mercato estival, Anis Hadj Moussa devrait finalement poursuivre son aventure aux Pays-Bas. \u00c0 quelques heures de la fermeture du march\u00e9 des transferts, le club de Rotterdam aurait d\u00e9cid\u00e9 de conserver son international alg\u00e9rien, malgr\u00e9 l\u2019int\u00e9r\u00eat manifest\u00e9 par plusieurs formations. Selon les informations rapport\u00e9es&#8230;<\/p>\n","protected":false},"author":1,"featured_media":3376,"comment_status":"open","ping_status":"open","sticky":false,"template":"","format":"standard","meta":{"footnotes":""},"categories":[71,77],"tags":[],"class_list":["post-3375","post","type-post","status-publish","format-standard","has-post-thumbnail","hentry","category-football-national","category-verts-news"],"_links":{"self":[{"href":"https:\/\/legeantsportif.dz\/index.php\/wp-json\/wp\/v2\/posts\/3375","targetHints":{"allow":["GET"]}}],"collection":[{"href":"https:\/\/legeantsportif.dz\/index.php\/wp-json\/wp\/v2\/posts"}],"about":[{"href":"https:\/\/legeantsportif.dz\/index.php\/wp-json\/wp\/v2\/types\/post"}],"author":[{"embeddable":true,"href":"https:\/\/legeantsportif.dz\/index.php\/wp-json\/wp\/v2\/users\/1"}],"replies":[{"embeddable":true,"href":"https:\/\/legeantsportif.dz\/index.php\/wp-json\/wp\/v2\/comments?post=3375"}],"version-history":[{"count":1,"href":"https:\/\/legeantsportif.dz\/index.php\/wp-json\/wp\/v2\/posts\/3375\/revisions"}],"predecessor-version":[{"id":3377,"href":"https:\/\/legeantsportif.dz\/index.php\/wp-json\/wp\/v2\/posts\/3375\/revisions\/3377"}],"wp:featuredmedia":[{"embeddable":true,"href":"https:\/\/legeantsportif.dz\/index.php\/wp-json\/wp\/v2\/media\/3376"}],"wp:attachment":[{"href":"https:\/\/legeantsportif.dz\/index.php\/wp-json\/wp\/v2\/media?parent=3375"}],"wp:term":[{"taxonomy":"category","embeddable":true,"href":"https:\/\/legeantsportif.dz\/index.php\/wp-json\/wp\/v2\/categories?post=3375"},{"taxonomy":"post_tag","embeddable":true,"href":"https:\/\/legeantsportif.dz\/index.php\/wp-json\/wp\/v2\/tags?post=3375"}],"curies":[{"name":"wp","href":"https:\/\/api.w.org\/{rel}","templated":true}]}}