{"id":3364,"date":"2026-09-05T12:33:55","date_gmt":"2026-09-05T12:33:55","guid":{"rendered":"https:\/\/legeantsportif.dz\/?p=3364"},"modified":"2026-09-05T12:33:56","modified_gmt":"2026-09-05T12:33:56","slug":"js-kabylie-les-canaris-sont-prets-pour-la-reprise","status":"publish","type":"post","link":"https:\/\/legeantsportif.dz\/index.php\/2026\/09\/05\/js-kabylie-les-canaris-sont-prets-pour-la-reprise\/","title":{"rendered":"JS Kabylie : Les Canaris sont pr\u00eats pour la reprise"},"content":{"rendered":"\n<p class=\"has-black-color has-text-color has-link-color wp-elements-1 wp-block-paragraph\">La JS Kabylie a mis les bouch\u00e9es doubles dans les derni\u00e8res heures du mercato estival. Le club kabyle a officialis\u00e9 pas moins de quatre nouvelles recrues, portant ainsi \u00e0 13 le nombre de joueurs engag\u00e9s pour la nouvelle saison.Une v\u00e9ritable op\u00e9ration de renouvellement qui t\u00e9moigne de la volont\u00e9 de la direction de b\u00e2tir un effectif capable de permettre aux Canaris de retrouver les premiers r\u00f4les sur les sc\u00e8nes nationale et continentale.Apr\u00e8s avoir annonc\u00e9 l\u2019arriv\u00e9e du milieu de terrain tanzanien Alphonce Msanga Mabula, la JSK a encha\u00een\u00e9 avec trois autres signatures. Il s\u2019agit du milieu d\u00e9fensif Samy Benchamma, un Franco-Alg\u00e9rien qui arrive de Rodez, de l\u2019attaquant Yanis Lagha, \u00e9galement Franco-Alg\u00e9rien et qui \u00e9voluait avec l\u2019\u00e9quipe r\u00e9serve de l\u2019Olympique Lyonnais, ainsi que du lat\u00e9ral international mauritanien Aly Abeid, en provenance du club roumain du CFR Cluj. Ces quatre arriv\u00e9es enregistr\u00e9es dans la derni\u00e8re ligne droite du march\u00e9 viennent compl\u00e9ter un recrutement particuli\u00e8rement important. Auparavant, le club avait d\u00e9j\u00e0 engag\u00e9 Alexis Guendouz, Abdellah Bendouma, Ayoub Sadahine, Toufik Cherifi, Rami Bouachiche, Badis Bouamama, Messala Merbah, Mustapha Djebril Sokkou et Abdenour Belhocini. Au total, ce sont donc 13 nouveaux joueurs qui ont rejoint les rangs kabyles durant cette intersaison. Une profonde reconstruction qui a \u00e9galement n\u00e9cessit\u00e9 de nombreux d\u00e9parts, la direction ayant lib\u00e9r\u00e9 un nombre important de joueurs afin de faire place \u00e0 cette nouvelle g\u00e9n\u00e9ration. Le souhait de l\u2019entra\u00eeneur Karim Belhocine de disposer d\u2019un effectif plus \u00e9toff\u00e9 semble ainsi avoir \u00e9t\u00e9 entendu. Le technicien kabyle b\u00e9n\u00e9ficie d\u00e9sormais de davantage de solutions dans les diff\u00e9rents secteurs de jeu, avec une concurrence renforc\u00e9e \u00e0 plusieurs postes. Mais si le mercato a \u00e9t\u00e9 particuli\u00e8rement anim\u00e9, il ne fait pas l\u2019unanimit\u00e9 aupr\u00e8s des supporters. Une partie des fans s\u2019interroge sur la strat\u00e9gie adopt\u00e9e par la direction et attend surtout de voir si cette importante refonte de l\u2019effectif permettra r\u00e9ellement \u00e0 la JSK de renouer avec les sommets. Les d\u00e9clarations du directeur sportif Yazid Mansouri concernant les limites du budget consacr\u00e9 au recrutement par Mobilis, propri\u00e9taire du club, continuent \u00e9galement d\u2019alimenter les discussions sur les r\u00e9seaux sociaux.<\/p>\n\n\n\n<p class=\"has-text-align-center has-black-color has-text-color has-link-color wp-elements-2 wp-block-paragraph\"><strong>Tout pour un bon d\u00e9but face au MB Rouisset<\/strong><\/p>\n\n\n\n<p class=\"has-black-color has-text-color has-link-color wp-elements-3 wp-block-paragraph\">Les supporters s\u2019interrogent par ailleurs sur l\u2019absence de communication concernant la dur\u00e9e des contrats sign\u00e9s par plusieurs des nouvelles recrues. La la v\u00e9ritable r\u00e9ponse devra cependant \u00eatre apport\u00e9e sur le terrain. Les r\u00e9sultats et le comportement de cette nouvelle \u00e9quipe permettront rapidement de juger la pertinence des choix effectu\u00e9s durant l\u2019\u00e9t\u00e9. La direction kabyle devra \u00e9galement g\u00e9rer les situations de Gaya Merbah et Mohamed Amine Madani. Les deux joueurs avaient exprim\u00e9 le souhait de changer d\u2019air durant cette intersaison, mais n\u2019ont finalement pas trouv\u00e9 de nouveau point de chute. Selon les derni\u00e8res indications, leur situation rel\u00e8ve d\u00e9sormais directement de la direction du club. Les deux \u00e9l\u00e9ments n\u2019ont d\u2019ailleurs plus int\u00e9gr\u00e9 le groupe depuis le retour du stage effectu\u00e9 en Tunisie, ce qui laisse planer le doute sur leur avenir \u00e0 la JSK. Pendant ce temps, Karim Belhocine se concentre d\u00e9sormais sur le prochain rendez-vous des Canaris, avec la r\u00e9ception du MB Rouisset, pr\u00e9vue samedi prochain. Le technicien avait d\u00e9j\u00e0 une premi\u00e8re id\u00e9e du onze qu\u2019il souhaitait aligner avant le report de la rencontre et l\u2019arriv\u00e9e des nouvelles recrues dans les derni\u00e8res heures du mercato. Il devra donc revoir certains de ses plans, d\u2019autant plus qu\u2019il pourra compter sur le retour de Akhrib et Izem, r\u00e9cemment aur\u00e9ol\u00e9s de leur m\u00e9daille d\u2019or aux Jeux m\u00e9diterran\u00e9ens. Le staff kabyle devra rapidement trouver les automatismes entre les anciens et les nouveaux \u00e9l\u00e9ments afin d\u2019aborder cette rencontre dans les meilleures conditions. En face, le MB Rouisset ne viendra certainement pas \u00e0 Tizi Ouzou en victime expiatoire, surtout apr\u00e8s avoir r\u00e9ussi \u00e0 accrocher la JSK (1-1) lors de sa premi\u00e8re sortie dans la ville des Gen\u00eats la saison derni\u00e8re. Apr\u00e8s un mercato marqu\u00e9 par une profonde transformation, la JS Kabylie va d\u00e9sormais devoir passer de la th\u00e9orie \u00e0 la pratique. Les supporters attendent avec impatience de d\u00e9couvrir le v\u00e9ritable visage de cette nouvelle \u00e9quipe et surtout de savoir si les nombreux changements op\u00e9r\u00e9s durant l\u2019\u00e9t\u00e9 permettront aux Canaris de retrouver durablement leur place parmi les pr\u00e9tendants aux titres.<\/p>\n\n\n\n<p class=\"has-text-align-right has-black-color has-text-color has-link-color wp-elements-4 wp-block-paragraph\"><strong>Mustapha Akkouche<\/strong><\/p>\n","protected":false},"excerpt":{"rendered":"<p>La JS Kabylie a mis les bouch\u00e9es doubles dans les derni\u00e8res heures du mercato estival. Le club kabyle a officialis\u00e9 pas moins de quatre nouvelles recrues, portant ainsi \u00e0 13 le nombre de joueurs engag\u00e9s pour la nouvelle saison.Une v\u00e9ritable op\u00e9ration de renouvellement qui t\u00e9moigne de la volont\u00e9 de la direction de b\u00e2tir un effectif&#8230;<\/p>\n","protected":false},"author":1,"featured_media":3322,"comment_status":"open","ping_status":"open","sticky":false,"template":"","format":"standard","meta":{"footnotes":""},"categories":[71,82],"tags":[],"class_list":["post-3364","post","type-post","status-publish","format-standard","has-post-thumbnail","hentry","category-football-national","category-jsk"],"_links":{"self":[{"href":"https:\/\/legeantsportif.dz\/index.php\/wp-json\/wp\/v2\/posts\/3364","targetHints":{"allow":["GET"]}}],"collection":[{"href":"https:\/\/legeantsportif.dz\/index.php\/wp-json\/wp\/v2\/posts"}],"about":[{"href":"https:\/\/legeantsportif.dz\/index.php\/wp-json\/wp\/v2\/types\/post"}],"author":[{"embeddable":true,"href":"https:\/\/legeantsportif.dz\/index.php\/wp-json\/wp\/v2\/users\/1"}],"replies":[{"embeddable":true,"href":"https:\/\/legeantsportif.dz\/index.php\/wp-json\/wp\/v2\/comments?post=3364"}],"version-history":[{"count":1,"href":"https:\/\/legeantsportif.dz\/index.php\/wp-json\/wp\/v2\/posts\/3364\/revisions"}],"predecessor-version":[{"id":3365,"href":"https:\/\/legeantsportif.dz\/index.php\/wp-json\/wp\/v2\/posts\/3364\/revisions\/3365"}],"wp:featuredmedia":[{"embeddable":true,"href":"https:\/\/legeantsportif.dz\/index.php\/wp-json\/wp\/v2\/media\/3322"}],"wp:attachment":[{"href":"https:\/\/legeantsportif.dz\/index.php\/wp-json\/wp\/v2\/media?parent=3364"}],"wp:term":[{"taxonomy":"category","embeddable":true,"href":"https:\/\/legeantsportif.dz\/index.php\/wp-json\/wp\/v2\/categories?post=3364"},{"taxonomy":"post_tag","embeddable":true,"href":"https:\/\/legeantsportif.dz\/index.php\/wp-json\/wp\/v2\/tags?post=3364"}],"curies":[{"name":"wp","href":"https:\/\/api.w.org\/{rel}","templated":true}]}}