{"id":3350,"date":"2026-09-02T10:54:51","date_gmt":"2026-09-02T10:54:51","guid":{"rendered":"https:\/\/legeantsportif.dz\/?p=3350"},"modified":"2026-09-02T10:54:53","modified_gmt":"2026-09-02T10:54:53","slug":"djamel-sedjati-medaille-dor-au-800-metres-je-dedie-au-peuple-algerien-et-surtout-aux-familles-des-victimes","status":"publish","type":"post","link":"https:\/\/legeantsportif.dz\/index.php\/2026\/09\/02\/djamel-sedjati-medaille-dor-au-800-metres-je-dedie-au-peuple-algerien-et-surtout-aux-familles-des-victimes\/","title":{"rendered":"Djamel Sedjati, m\u00e9daill\u00e9 d&#8217;or au 800 m\u00e8tres :\u00a0\u00abJe d\u00e9die au peuple alg\u00e9rien et surtout, aux familles des victimes\u00bb"},"content":{"rendered":"\n<p class=\"has-black-color has-text-color has-link-color wp-elements-1 wp-block-paragraph\">L\u2019athl\u00e8te alg\u00e9rien Djamel Sedjati a une nouvelle fois confirm\u00e9 son statut de patron du 800 m\u00e8tres sur la sc\u00e8ne m\u00e9diterran\u00e9enne. Le demi-fondiste alg\u00e9rien a d\u00e9croch\u00e9, lundi \u00e0 Tarente (Italie), la m\u00e9daille d\u2019or de l\u2019\u00e9preuve lors des Jeux m\u00e9diterran\u00e9ens-2026, en s\u2019imposant en finale avec un chrono de 1:46.00.<br>D\u00e9j\u00e0 sacr\u00e9 sur cette distance lors de l\u2019\u00e9dition d\u2019Oran en 2022, Sedjati conserve ainsi son titre m\u00e9diterran\u00e9en et ajoute une nouvelle ligne prestigieuse \u00e0 son palmar\u00e8s. Son compatriote Slimane Moula a, pour sa part, termin\u00e9 \u00e0 la cinqui\u00e8me place en 1:46.72. Le podium a \u00e9t\u00e9 compl\u00e9t\u00e9 par l\u2019Espagnol David Barroso Bravo, m\u00e9daill\u00e9 d\u2019argent en 1:46.35, tandis que le Croate Marino Bloudek a pris la troisi\u00e8me place avec un temps de 1:46.58. Pour Sedjati, cette nouvelle cons\u00e9cration vient confirmer sa r\u00e9gularit\u00e9 au plus haut niveau. <br>M\u00e9daill\u00e9 de bronze aux Jeux olympiques de Paris-2024 sur 800 m\u00e8tres, le coureur alg\u00e9rien poursuit son ascension et affiche d\u00e9sormais de nouvelles ambitions pour les prochaines grandes \u00e9ch\u00e9ances internationales. Dans la zone mixte, le champion alg\u00e9rien n\u2019a pas cach\u00e9 sa satisfaction apr\u00e8s cette victoire \u00e0 Tarente. \u00abJe remercie Dieu pour cette m\u00e9daille d&#8217;or remport\u00e9e ici \u00e0 Tarente\u00bb, a-t-il d\u00e9clar\u00e9, avant de revenir sur l\u2019\u00e9motion ressentie au moment de franchir la ligne d\u2019arriv\u00e9e en t\u00eate. \u00abJ&#8217;ai ressenti une immense joie en remportant cette m\u00e9daille d&#8217;or que je d\u00e9die au peuple alg\u00e9rien et surtout, aux familles des victimes des derniers incendies\u00bb, a confi\u00e9 Sedjati, livrant ainsi un message particuli\u00e8rement fort et empreint de solidarit\u00e9 envers les familles touch\u00e9es par les tragiques incendies qui ont endeuill\u00e9 le pays.<br> Le champion alg\u00e9rien a \u00e9galement tenu \u00e0 associer son entourage \u00e0 cette nouvelle r\u00e9ussite, en mettant en avant le r\u00f4le de son entra\u00eeneur et des personnes qui l\u2019ont accompagn\u00e9 durant son parcours. \u00abJe remercie aussi mon entra\u00eeneur Amar Benida, ainsi que la championne olympique Benida Merrah, qui m&#8217;ont soutenu dans les bons comme dans les moments durs\u00bb, a-t-il soulign\u00e9. \u00c0 26 ans, Djamel Sedjati continue donc d\u2019\u00e9crire son histoire avec le 800 m\u00e8tres. <br>D\u00e9j\u00e0 vice-champion du monde \u00e0 Eugene en 2022 avec un chrono de 1 min 44 s 14, puis m\u00e9daill\u00e9 de bronze aux Jeux olympiques de Paris en 2024, l\u2019Alg\u00e9rien s\u2019affirme comme l\u2019une des r\u00e9f\u00e9rences mondiales de la discipline. Apr\u00e8s son sacre m\u00e9diterran\u00e9en, Sedjati ne compte d\u2019ailleurs pas s\u2019arr\u00eater l\u00e0. Conscient de son potentiel et port\u00e9 par une ambition intacte, il se projette d\u00e9j\u00e0 vers les prochaines \u00e9ch\u00e9ances, avec notamment les Jeux olympiques de Los Angeles 2028 dans son viseur. \u00abJe vous promets d&#8217;autres exploits \u00e0 l&#8217;avenir et de nouvelles m\u00e9dailles pour apporter joie et fiert\u00e9 \u00e0 notre peuple\u00bb, a promis le champion alg\u00e9rien. Une promesse qui r\u00e9sume parfaitement l\u2019\u00e9tat d\u2019esprit d\u2019un athl\u00e8te qui, apr\u00e8s avoir retrouv\u00e9 la plus haute marche du podium m\u00e9diterran\u00e9en, entend d\u00e9sormais poursuivre sa qu\u00eate de titres et de records sous les couleurs de l\u2019Alg\u00e9rie.<\/p>\n\n\n\n<p class=\"has-text-align-center has-black-color has-text-color has-link-color wp-elements-2 wp-block-paragraph\"><strong><u>De notre envoy\u00e9 sp\u00e9cial \u00e0 Tarente<\/u><\/strong><\/p>\n\n\n\n<p class=\"has-text-align-center has-black-color has-text-color has-link-color wp-elements-3 wp-block-paragraph\"><strong><u>Mounir Benkaci<\/u><\/strong><\/p>\n","protected":false},"excerpt":{"rendered":"<p>L\u2019athl\u00e8te alg\u00e9rien Djamel Sedjati a une nouvelle fois confirm\u00e9 son statut de patron du 800 m\u00e8tres sur la sc\u00e8ne m\u00e9diterran\u00e9enne. Le demi-fondiste alg\u00e9rien a d\u00e9croch\u00e9, lundi \u00e0 Tarente (Italie), la m\u00e9daille d\u2019or de l\u2019\u00e9preuve lors des Jeux m\u00e9diterran\u00e9ens-2026, en s\u2019imposant en finale avec un chrono de 1:46.00.D\u00e9j\u00e0 sacr\u00e9 sur cette distance lors de l\u2019\u00e9dition d\u2019Oran&#8230;<\/p>\n","protected":false},"author":1,"featured_media":3351,"comment_status":"open","ping_status":"open","sticky":false,"template":"","format":"standard","meta":{"footnotes":""},"categories":[83],"tags":[],"class_list":["post-3350","post","type-post","status-publish","format-standard","has-post-thumbnail","hentry","category-omnisport"],"_links":{"self":[{"href":"https:\/\/legeantsportif.dz\/index.php\/wp-json\/wp\/v2\/posts\/3350","targetHints":{"allow":["GET"]}}],"collection":[{"href":"https:\/\/legeantsportif.dz\/index.php\/wp-json\/wp\/v2\/posts"}],"about":[{"href":"https:\/\/legeantsportif.dz\/index.php\/wp-json\/wp\/v2\/types\/post"}],"author":[{"embeddable":true,"href":"https:\/\/legeantsportif.dz\/index.php\/wp-json\/wp\/v2\/users\/1"}],"replies":[{"embeddable":true,"href":"https:\/\/legeantsportif.dz\/index.php\/wp-json\/wp\/v2\/comments?post=3350"}],"version-history":[{"count":1,"href":"https:\/\/legeantsportif.dz\/index.php\/wp-json\/wp\/v2\/posts\/3350\/revisions"}],"predecessor-version":[{"id":3352,"href":"https:\/\/legeantsportif.dz\/index.php\/wp-json\/wp\/v2\/posts\/3350\/revisions\/3352"}],"wp:featuredmedia":[{"embeddable":true,"href":"https:\/\/legeantsportif.dz\/index.php\/wp-json\/wp\/v2\/media\/3351"}],"wp:attachment":[{"href":"https:\/\/legeantsportif.dz\/index.php\/wp-json\/wp\/v2\/media?parent=3350"}],"wp:term":[{"taxonomy":"category","embeddable":true,"href":"https:\/\/legeantsportif.dz\/index.php\/wp-json\/wp\/v2\/categories?post=3350"},{"taxonomy":"post_tag","embeddable":true,"href":"https:\/\/legeantsportif.dz\/index.php\/wp-json\/wp\/v2\/tags?post=3350"}],"curies":[{"name":"wp","href":"https:\/\/api.w.org\/{rel}","templated":true}]}}