{"id":3338,"date":"2026-09-01T09:25:38","date_gmt":"2026-09-01T09:25:38","guid":{"rendered":"https:\/\/legeantsportif.dz\/?p=3338"},"modified":"2026-09-01T09:25:40","modified_gmt":"2026-09-01T09:25:40","slug":"liverpool-barcola-affiche-ses-ambitions-apres-son-arrivee","status":"publish","type":"post","link":"https:\/\/legeantsportif.dz\/index.php\/2026\/09\/01\/liverpool-barcola-affiche-ses-ambitions-apres-son-arrivee\/","title":{"rendered":"Liverpool :\u00a0Barcola affiche ses ambitions apr\u00e8s son arriv\u00e9e"},"content":{"rendered":"\n<p class=\"has-black-color has-text-color has-link-color wp-elements-1 wp-block-paragraph\"><br>Bradley Barcola a officiellement tourn\u00e9 la page du Paris Saint-Germain pour ouvrir un nouveau chapitre de sa carri\u00e8re sous les couleurs de Liverpool. L\u2019ailier international fran\u00e7ais s\u2019est engag\u00e9 ce lundi avec les Reds dans le cadre d\u2019un transfert estim\u00e9 \u00e0 145 millions d\u2019euros, bonus compris, une op\u00e9ration qui t\u00e9moigne des grandes attentes plac\u00e9es en lui par le club anglais. Quelques heures apr\u00e8s l\u2019officialisation de son arriv\u00e9e, l\u2019ancien Lyonnais a livr\u00e9 ses premi\u00e8res impressions sur le site officiel de Liverpool. Visiblement enthousiaste, le joueur de 24 ans n\u2019a pas cach\u00e9 sa satisfaction de rejoindre une formation qu\u2019il consid\u00e8re comme l\u2019une des r\u00e9f\u00e9rences du football europ\u00e9en. \u00ab C\u2019est une immense fiert\u00e9 de pouvoir jouer pour Liverpool. Je suis tr\u00e8s heureux. Cela a pris du temps, mais je suis vraiment heureux aujourd\u2019hui de pouvoir porter ce maillot \u00bb, a d\u00e9clar\u00e9 Barcola, qui semble d\u00e9j\u00e0 impatient de retrouver les terrains avec sa nouvelle \u00e9quipe. <br>L\u2019international fran\u00e7ais a \u00e9galement \u00e9voqu\u00e9 ses ambitions. Pour sa premi\u00e8re saison en Angleterre, il vise notamment le titre de champion et entend rapidement s\u2019imposer au sein de l\u2019effectif des Reds. \u00ab Je veux \u00eatre sur le terrain, jouer et r\u00e9aliser de tr\u00e8s grandes choses. Remporter la Premier League est l\u2019un de mes plus grands r\u00eaves \u00bb, a-t-il confi\u00e9. Barcola entend surtout inscrire son aventure dans la dur\u00e9e. La dur\u00e9e de son engagement avec Liverpool traduit d\u2019ailleurs cette volont\u00e9 de construire un projet \u00e0 long terme. Le Fran\u00e7ais souhaite ainsi progresser, gagner des titres et devenir un \u00e9l\u00e9ment important de l\u2019\u00e9quipe dirig\u00e9e par le club anglais. Le nouveau joueur des Reds a aussi soulign\u00e9 l\u2019impact d\u2019Anfield dans sa d\u00e9cision. <br>Ayant d\u00e9j\u00e0 eu l\u2019occasion d\u2019\u00e9voluer \u00e0 deux reprises dans cette enceinte, il dit avoir \u00e9t\u00e9 marqu\u00e9 par l\u2019atmosph\u00e8re et la ferveur des supporters. \u00ab J\u2019ai pu constater l\u2019ambiance qui y r\u00e8gne et le soutien que les supporters apportent aux joueurs \u00bb, a-t-il expliqu\u00e9. Barcola assure enfin n\u2019avoir pas h\u00e9sit\u00e9 lorsque Liverpool s\u2019est manifest\u00e9. Pour lui, l\u2019int\u00e9r\u00eat du club anglais repr\u00e9sentait une opportunit\u00e9 qu\u2019il ne pouvait laisser passer. D\u00e9sormais, l\u2019objectif est clair : r\u00e9pondre aux attentes, gagner la confiance du public d\u2019Anfield et contribuer rapidement aux ambitions \u00e9lev\u00e9es des Reds.<\/p>\n","protected":false},"excerpt":{"rendered":"<p>Bradley Barcola a officiellement tourn\u00e9 la page du Paris Saint-Germain pour ouvrir un nouveau chapitre de sa carri\u00e8re sous les couleurs de Liverpool. L\u2019ailier international fran\u00e7ais s\u2019est engag\u00e9 ce lundi avec les Reds dans le cadre d\u2019un transfert estim\u00e9 \u00e0 145 millions d\u2019euros, bonus compris, une op\u00e9ration qui t\u00e9moigne des grandes attentes plac\u00e9es en lui&#8230;<\/p>\n","protected":false},"author":1,"featured_media":3339,"comment_status":"open","ping_status":"open","sticky":false,"template":"","format":"standard","meta":{"footnotes":""},"categories":[72],"tags":[],"class_list":["post-3338","post","type-post","status-publish","format-standard","has-post-thumbnail","hentry","category-football-internationale"],"_links":{"self":[{"href":"https:\/\/legeantsportif.dz\/index.php\/wp-json\/wp\/v2\/posts\/3338","targetHints":{"allow":["GET"]}}],"collection":[{"href":"https:\/\/legeantsportif.dz\/index.php\/wp-json\/wp\/v2\/posts"}],"about":[{"href":"https:\/\/legeantsportif.dz\/index.php\/wp-json\/wp\/v2\/types\/post"}],"author":[{"embeddable":true,"href":"https:\/\/legeantsportif.dz\/index.php\/wp-json\/wp\/v2\/users\/1"}],"replies":[{"embeddable":true,"href":"https:\/\/legeantsportif.dz\/index.php\/wp-json\/wp\/v2\/comments?post=3338"}],"version-history":[{"count":1,"href":"https:\/\/legeantsportif.dz\/index.php\/wp-json\/wp\/v2\/posts\/3338\/revisions"}],"predecessor-version":[{"id":3340,"href":"https:\/\/legeantsportif.dz\/index.php\/wp-json\/wp\/v2\/posts\/3338\/revisions\/3340"}],"wp:featuredmedia":[{"embeddable":true,"href":"https:\/\/legeantsportif.dz\/index.php\/wp-json\/wp\/v2\/media\/3339"}],"wp:attachment":[{"href":"https:\/\/legeantsportif.dz\/index.php\/wp-json\/wp\/v2\/media?parent=3338"}],"wp:term":[{"taxonomy":"category","embeddable":true,"href":"https:\/\/legeantsportif.dz\/index.php\/wp-json\/wp\/v2\/categories?post=3338"},{"taxonomy":"post_tag","embeddable":true,"href":"https:\/\/legeantsportif.dz\/index.php\/wp-json\/wp\/v2\/tags?post=3338"}],"curies":[{"name":"wp","href":"https:\/\/api.w.org\/{rel}","templated":true}]}}