{"id":3324,"date":"2026-09-01T09:05:27","date_gmt":"2026-09-01T09:05:27","guid":{"rendered":"https:\/\/legeantsportif.dz\/?p=3324"},"modified":"2026-09-01T09:05:29","modified_gmt":"2026-09-01T09:05:29","slug":"cr-belouizdad-boukhenchouche-maintient-la-pression-pour-partir","status":"publish","type":"post","link":"https:\/\/legeantsportif.dz\/index.php\/2026\/09\/01\/cr-belouizdad-boukhenchouche-maintient-la-pression-pour-partir\/","title":{"rendered":"CR Belouizdad :\u00a0Boukhenchouche maintient la pression pour partir"},"content":{"rendered":"\n<p class=\"has-black-color has-text-color has-link-color wp-elements-1 wp-block-paragraph\">\u00c0 quelques heures de la cl\u00f4ture du mercato estival en Alg\u00e9rie, le dossier Salim Boukhenchouche continue de faire parler au CR Belouizdad. Apr\u00e8s avoir exprim\u00e9 r\u00e9cemment son souhait de quitter le club, le milieu de terrain serait revenu \u00e0 la charge en r\u00e9it\u00e9rant sa demande aupr\u00e8s de la direction. L\u2019enfant de Merouana souhaiterait obtenir un bon de sortie afin de pouvoir rejoindre une nouvelle formation avant la fermeture du march\u00e9 des transferts. <br>Cette nouvelle d\u00e9marche intervient alors que les responsables belouizdadis et le staff technique s\u2019\u00e9taient jusque-l\u00e0 montr\u00e9s d\u00e9favorables \u00e0 son d\u00e9part. L\u2019<br>entra\u00eeneur Nabil Ma\u00e2loul consid\u00e8re en effet Boukhenchouche comme un \u00e9l\u00e9ment important de son effectif et ne serait pas dispos\u00e9 \u00e0 se passer de ses services. Le coordinateur g\u00e9n\u00e9ral Arafat Mezouar partagerait \u00e9galement cette position et souhaiterait conserver le joueur, notamment afin de disposer de davantage de solutions dans l\u2019entrejeu. La volont\u00e9 de Boukhenchouche de changer d\u2019air serait principalement li\u00e9e \u00e0 la forte concurrence qui r\u00e8gne actuellement au milieu de terrain du CRB. Avec plusieurs joueurs disponibles dans ce secteur, le milieu de terrain craindrait de voir son temps de jeu diminuer sensiblement au cours de la saison. Le joueur souhaiterait ainsi rejoindre une \u00e9quipe susceptible de lui garantir davantage de r\u00e9gularit\u00e9 et une place plus importante dans le onze de d\u00e9part. Une perspective qui expliquerait son insistance, alors que la reprise de la comp\u00e9tition approche et que les derni\u00e8res heures du mercato sont d\u00e9sormais compt\u00e9es.<br> La situation place d\u00e9sormais Djaber Na\u00e2moune, directeur sportif du CRB, devant un v\u00e9ritable dilemme. D\u2019un c\u00f4t\u00e9, le joueur semble d\u00e9termin\u00e9 \u00e0 partir et souhaite b\u00e9n\u00e9ficier d\u2019une nouvelle exp\u00e9rience. De l\u2019autre, l\u2019entra\u00eeneur Nabil Ma\u00e2loul et Arafat Mezouar insistent pour le conserver, estimant que sa pr\u00e9sence constitue une valeur ajout\u00e9e pour un effectif appel\u00e9 \u00e0 disputer une saison particuli\u00e8rement charg\u00e9e. Le timing complique davantage la situation, puisque la fen\u00eatre des transferts arrive \u00e0 son terme ce soir \u00e0 minuit. Na\u00e2moune devra donc rapidement trancher entre la volont\u00e9 du joueur et les exigences sportives du staff. Le directeur sportif acceptera-t-il finalement de lib\u00e9rer Boukhenchouche ou d\u00e9cidera-t-il de le retenir malgr\u00e9 son souhait de d\u00e9part ? Le suspense reste entier et la r\u00e9ponse devrait intervenir dans les toutes derni\u00e8res heures du mercato.<\/p>\n\n\n\n<p class=\"has-text-align-right has-black-color has-text-color has-link-color wp-elements-2 wp-block-paragraph\"><strong>Mohamed Islam<\/strong><\/p>\n","protected":false},"excerpt":{"rendered":"<p>\u00c0 quelques heures de la cl\u00f4ture du mercato estival en Alg\u00e9rie, le dossier Salim Boukhenchouche continue de faire parler au CR Belouizdad. Apr\u00e8s avoir exprim\u00e9 r\u00e9cemment son souhait de quitter le club, le milieu de terrain serait revenu \u00e0 la charge en r\u00e9it\u00e9rant sa demande aupr\u00e8s de la direction. L\u2019enfant de Merouana souhaiterait obtenir un&#8230;<\/p>\n","protected":false},"author":1,"featured_media":3325,"comment_status":"open","ping_status":"open","sticky":false,"template":"","format":"standard","meta":{"footnotes":""},"categories":[80,71],"tags":[],"class_list":["post-3324","post","type-post","status-publish","format-standard","has-post-thumbnail","hentry","category-crb","category-football-national"],"_links":{"self":[{"href":"https:\/\/legeantsportif.dz\/index.php\/wp-json\/wp\/v2\/posts\/3324","targetHints":{"allow":["GET"]}}],"collection":[{"href":"https:\/\/legeantsportif.dz\/index.php\/wp-json\/wp\/v2\/posts"}],"about":[{"href":"https:\/\/legeantsportif.dz\/index.php\/wp-json\/wp\/v2\/types\/post"}],"author":[{"embeddable":true,"href":"https:\/\/legeantsportif.dz\/index.php\/wp-json\/wp\/v2\/users\/1"}],"replies":[{"embeddable":true,"href":"https:\/\/legeantsportif.dz\/index.php\/wp-json\/wp\/v2\/comments?post=3324"}],"version-history":[{"count":1,"href":"https:\/\/legeantsportif.dz\/index.php\/wp-json\/wp\/v2\/posts\/3324\/revisions"}],"predecessor-version":[{"id":3326,"href":"https:\/\/legeantsportif.dz\/index.php\/wp-json\/wp\/v2\/posts\/3324\/revisions\/3326"}],"wp:featuredmedia":[{"embeddable":true,"href":"https:\/\/legeantsportif.dz\/index.php\/wp-json\/wp\/v2\/media\/3325"}],"wp:attachment":[{"href":"https:\/\/legeantsportif.dz\/index.php\/wp-json\/wp\/v2\/media?parent=3324"}],"wp:term":[{"taxonomy":"category","embeddable":true,"href":"https:\/\/legeantsportif.dz\/index.php\/wp-json\/wp\/v2\/categories?post=3324"},{"taxonomy":"post_tag","embeddable":true,"href":"https:\/\/legeantsportif.dz\/index.php\/wp-json\/wp\/v2\/tags?post=3324"}],"curies":[{"name":"wp","href":"https:\/\/api.w.org\/{rel}","templated":true}]}}