{"id":3317,"date":"2026-09-01T08:56:56","date_gmt":"2026-09-01T08:56:56","guid":{"rendered":"https:\/\/legeantsportif.dz\/?p=3317"},"modified":"2026-09-01T09:30:26","modified_gmt":"2026-09-01T09:30:26","slug":"es-setif-quatorze-recrues-pour-un-nouveau-depart","status":"publish","type":"post","link":"https:\/\/legeantsportif.dz\/index.php\/2026\/09\/01\/es-setif-quatorze-recrues-pour-un-nouveau-depart\/","title":{"rendered":"ES S\u00e9tif :\u00a0Quatorze recrues pour un nouveau d\u00e9part !"},"content":{"rendered":"\n<p class=\"has-black-color has-text-color has-link-color wp-elements-1 wp-block-paragraph\">\u00c0 l\u2019approche du coup d\u2019envoi de la nouvelle saison, une question revient avec insistance dans l\u2019entourage de l\u2019Entente de S\u00e9tif : que donnera sur le terrain un effectif profond\u00e9ment remani\u00e9 ? Avec pas moins de quatorze nouveaux joueurs pour un groupe qui compte d\u00e9sormais 27 \u00e9l\u00e9ments, l\u2019Aigle noir a encore une fois \u00e9t\u00e9 particuli\u00e8rement actif sur le march\u00e9 des transferts.<br>L\u2019ESS a-t-elle d\u00e9finitivement termin\u00e9 son recrutement ? \u00c0 quelques heures de la cl\u00f4ture du mercato estival, les supporters restent attentifs aux derni\u00e8res \u00e9ventuelles surprises. L\u2019une des plus retentissantes pourrait \u00eatre le retour de l\u2019attaquant Riad Benayad, dont l\u2019arriv\u00e9e est \u00e9voqu\u00e9e avec insistance. Si elle venait \u00e0 se confirmer, elle constituerait un renfort suppl\u00e9mentaire pour une \u00e9quipe qui a pratiquement renouvel\u00e9 tous ses compartiments. Cette politique de recrutement massif n\u2019est toutefois pas nouvelle \u00e0 S\u00e9tif. Depuis plusieurs saisons, le club proc\u00e8de \u00e0 d\u2019importants changements durant chaque intersaison. <br>Une tendance qui s\u2019est accentu\u00e9e depuis le passage de l\u2019Entente sous la tutelle du groupe Sonelgaz. D\u2019un exercice \u00e0 l\u2019autre, plusieurs dizaines de joueurs quittent ou rejoignent le club, avec l\u2019ambition affich\u00e9e de reconstruire une \u00e9quipe capable de jouer les premiers r\u00f4les. Mais une telle strat\u00e9gie comporte forc\u00e9ment son lot d\u2019interrogations. Une \u00e9quipe ne se construit pas uniquement en additionnant les individualit\u00e9s. La coh\u00e9sion, les automatismes, la compl\u00e9mentarit\u00e9 des profils et la stabilit\u00e9 du groupe sont autant d\u2019\u00e9l\u00e9ments indispensables pour transformer un effectif sur le papier s\u00e9duisant en v\u00e9ritable \u00e9quipe comp\u00e9titive.<br>C\u2019est justement ce qui avait fait d\u00e9faut \u00e0 l\u2019ESS lors des pr\u00e9c\u00e9dentes saisons. <br>Malgr\u00e9 des recrutements importants, le club a souvent \u00e9prouv\u00e9 des difficult\u00e9s \u00e0 r\u00e9pondre aux attentes de son exigeant public, avant de terminer ses exercices loin des objectifs annonc\u00e9s. Cette fois, le sentiment semble n\u00e9anmoins diff\u00e9rent. Sur le papier, le recrutement para\u00eet plus coh\u00e9rent et surtout plus qualitatif. Plusieurs nouvelles recrues poss\u00e8dent une exp\u00e9rience appr\u00e9ciable et offrent au staff technique davantage de solutions dans les diff\u00e9rents secteurs. L\u2019investissement consenti par Sonelgaz semble \u00e9galement avoir permis au club de revoir ses ambitions \u00e0 la hausse. <br>Parmi les renforts \u00e9voqu\u00e9s, le retour de Riad Benayad appara\u00eet particuli\u00e8rement symbolique. L\u2019attaquant de 29 ans conna\u00eet parfaitement l\u2019environnement s\u00e9tifien pour avoir port\u00e9 le maillot de l\u2019ESS durant la saison 2021-2022, au cours de laquelle il s\u2019\u00e9tait illustr\u00e9 par des prestations convaincantes. Ses performances lui avaient ensuite permis de rejoindre l\u2019Esp\u00e9rance de Tunis, avant de passer notamment par l\u2019USM Alger. Son \u00e9ventuel retour r\u00e9pondrait, selon plusieurs \u00e9chos, \u00e0 une demande de l\u2019entra\u00eeneur \u00e9gyptien Hamada, qui aurait \u00e9tudi\u00e9 son profil avant de valider son arriv\u00e9e. Avec quatorze recrues r\u00e9parties dans pratiquement tous les secteurs, l\u2019Entente dispose d\u00e9sormais d\u2019une v\u00e9ritable mosa\u00efque de joueurs. Reste le plus difficile : transformer cette accumulation de talents en une \u00e9quipe capable de fonctionner comme un seul bloc. Apr\u00e8s plusieurs semaines de pr\u00e9paration, les premi\u00e8res r\u00e9ponses tomberont rapidement. <br>L\u2019ESS aura l\u2019occasion de montrer ses v\u00e9ritables capacit\u00e9s d\u00e8s jeudi, lors de la premi\u00e8re journ\u00e9e du championnat professionnel face \u00e0 l\u2019ES Ben Aknoun. Le mercato a livr\u00e9 son lot de promesses. D\u00e9sormais, le terrain sera le seul juge de la r\u00e9ussite de cette nouvelle r\u00e9volution s\u00e9tifienne.<\/p>\n\n\n\n<p class=\"has-text-align-right has-black-color has-text-color has-link-color wp-elements-2 wp-block-paragraph\"><strong>Mustapha Akkouche<\/strong><\/p>\n","protected":false},"excerpt":{"rendered":"<p>\u00c0 l\u2019approche du coup d\u2019envoi de la nouvelle saison, une question revient avec insistance dans l\u2019entourage de l\u2019Entente de S\u00e9tif : que donnera sur le terrain un effectif profond\u00e9ment remani\u00e9 ? Avec pas moins de quatorze nouveaux joueurs pour un groupe qui compte d\u00e9sormais 27 \u00e9l\u00e9ments, l\u2019Aigle noir a encore une fois \u00e9t\u00e9 particuli\u00e8rement actif&#8230;<\/p>\n","protected":false},"author":1,"featured_media":3345,"comment_status":"open","ping_status":"open","sticky":false,"template":"","format":"standard","meta":{"footnotes":""},"categories":[81,71],"tags":[],"class_list":["post-3317","post","type-post","status-publish","format-standard","has-post-thumbnail","hentry","category-ess","category-football-national"],"_links":{"self":[{"href":"https:\/\/legeantsportif.dz\/index.php\/wp-json\/wp\/v2\/posts\/3317","targetHints":{"allow":["GET"]}}],"collection":[{"href":"https:\/\/legeantsportif.dz\/index.php\/wp-json\/wp\/v2\/posts"}],"about":[{"href":"https:\/\/legeantsportif.dz\/index.php\/wp-json\/wp\/v2\/types\/post"}],"author":[{"embeddable":true,"href":"https:\/\/legeantsportif.dz\/index.php\/wp-json\/wp\/v2\/users\/1"}],"replies":[{"embeddable":true,"href":"https:\/\/legeantsportif.dz\/index.php\/wp-json\/wp\/v2\/comments?post=3317"}],"version-history":[{"count":1,"href":"https:\/\/legeantsportif.dz\/index.php\/wp-json\/wp\/v2\/posts\/3317\/revisions"}],"predecessor-version":[{"id":3320,"href":"https:\/\/legeantsportif.dz\/index.php\/wp-json\/wp\/v2\/posts\/3317\/revisions\/3320"}],"wp:featuredmedia":[{"embeddable":true,"href":"https:\/\/legeantsportif.dz\/index.php\/wp-json\/wp\/v2\/media\/3345"}],"wp:attachment":[{"href":"https:\/\/legeantsportif.dz\/index.php\/wp-json\/wp\/v2\/media?parent=3317"}],"wp:term":[{"taxonomy":"category","embeddable":true,"href":"https:\/\/legeantsportif.dz\/index.php\/wp-json\/wp\/v2\/categories?post=3317"},{"taxonomy":"post_tag","embeddable":true,"href":"https:\/\/legeantsportif.dz\/index.php\/wp-json\/wp\/v2\/tags?post=3317"}],"curies":[{"name":"wp","href":"https:\/\/api.w.org\/{rel}","templated":true}]}}