{"id":3308,"date":"2026-08-31T11:27:37","date_gmt":"2026-08-31T11:27:37","guid":{"rendered":"https:\/\/legeantsportif.dz\/?p=3308"},"modified":"2026-08-31T11:27:38","modified_gmt":"2026-08-31T11:27:38","slug":"driss-messaoud-medaille-dor-en-judo-mes-condoleances-au-peuple-algerien","status":"publish","type":"post","link":"https:\/\/legeantsportif.dz\/index.php\/2026\/08\/31\/driss-messaoud-medaille-dor-en-judo-mes-condoleances-au-peuple-algerien\/","title":{"rendered":"Driss Messaoud, m\u00e9daill\u00e9 d&#8217;or en judo :\u00a0\u00ab Mes condol\u00e9ances au peuple alg\u00e9rien \u00bb"},"content":{"rendered":"\n<p class=\"has-black-color has-text-color has-link-color wp-elements-1 wp-block-paragraph\">Apr\u00e8s avoir offert \u00e0 l\u2019Alg\u00e9rie une belle m\u00e9daille d\u2019or aux Jeux m\u00e9diterran\u00e9ens, le judoka Redouane Driss Messaoud a tenu \u00e0 adresser un message de soutien aux familles touch\u00e9es par les incendies qui ont frapp\u00e9 plusieurs r\u00e9gions de l\u2019est du pays. Le champion alg\u00e9rien, sacr\u00e9 en finale de l\u2019\u00e9preuve de judo, a exprim\u00e9 sa profonde \u00e9motion face au bilan tragique de ces feux de for\u00eat et a pr\u00e9sent\u00e9 ses sinc\u00e8res condol\u00e9ances aux familles ayant perdu l\u2019un des leurs.<br> \u00c0 travers son message, le m\u00e9daill\u00e9 d\u2019or a \u00e9galement tenu \u00e0 partager la douleur de l\u2019ensemble du peuple alg\u00e9rien confront\u00e9 \u00e0 cette \u00e9preuve particuli\u00e8rement difficile. \u00a0\u00ab Mes condol\u00e9ances au peuple alg\u00e9rien \u00bb, a d\u00e9clar\u00e9 Redouane Driss Messaoud, exprimant ainsi sa solidarit\u00e9 avec toutes les personnes directement ou indirectement affect\u00e9es par cette catastrophe. Le judoka a \u00e9galement adress\u00e9 une pens\u00e9e particuli\u00e8re aux bless\u00e9s, auxquels il a souhait\u00e9 un prompt r\u00e9tablissement. Un message qui intervient dans un contexte marqu\u00e9 par une forte mobilisation nationale et une profonde \u00e9motion \u00e0 la suite des incendies. <br>Apr\u00e8s avoir fait retentir l\u2019hymne national sur le podium des Jeux m\u00e9diterran\u00e9ens, le sportif alg\u00e9rien a ainsi choisi de mettre en avant une autre valeur essentielle du sport : la solidarit\u00e9. Son geste t\u00e9moigne de son attachement \u00e0 son pays et de sa volont\u00e9 de rester proche de ses compatriotes dans les moments de douleur. Le message de Redouane Driss Messaoud s\u2019inscrit dans un large mouvement de solidarit\u00e9 exprim\u00e9 par les sportifs alg\u00e9riens. Plusieurs athl\u00e8tes, dirigeants, f\u00e9d\u00e9rations et clubs ont, ces derniers jours, adress\u00e9 leurs condol\u00e9ances aux familles endeuill\u00e9es et leur soutien aux populations sinistr\u00e9es. Dans cette p\u00e9riode \u00e9prouvante, le champion de judo a donc tenu \u00e0 rappeler que derri\u00e8re les performances et les m\u00e9dailles se trouve avant tout un citoyen profond\u00e9ment attach\u00e9 \u00e0 son pays. Son message vient ainsi renforcer l\u2019\u00e9lan de compassion qui traverse actuellement la famille sportive et l\u2019ensemble de la soci\u00e9t\u00e9 alg\u00e9rienne.<\/p>\n\n\n\n<p class=\"wp-block-paragraph\"><\/p>\n\n\n\n<p class=\"has-text-align-right has-black-color has-text-color has-link-color wp-elements-2 wp-block-paragraph\"><strong><u>De notre envoy\u00e9 sp\u00e9ciale \u00e0 Tarente :<\/u><\/strong><\/p>\n\n\n\n<p class=\"has-text-align-right has-black-color has-text-color has-link-color wp-elements-3 wp-block-paragraph\"><strong><u>Mounir Benkaci<\/u><\/strong><\/p>\n","protected":false},"excerpt":{"rendered":"<p>Apr\u00e8s avoir offert \u00e0 l\u2019Alg\u00e9rie une belle m\u00e9daille d\u2019or aux Jeux m\u00e9diterran\u00e9ens, le judoka Redouane Driss Messaoud a tenu \u00e0 adresser un message de soutien aux familles touch\u00e9es par les incendies qui ont frapp\u00e9 plusieurs r\u00e9gions de l\u2019est du pays. Le champion alg\u00e9rien, sacr\u00e9 en finale de l\u2019\u00e9preuve de judo, a exprim\u00e9 sa profonde \u00e9motion&#8230;<\/p>\n","protected":false},"author":1,"featured_media":3309,"comment_status":"open","ping_status":"open","sticky":false,"template":"","format":"standard","meta":{"footnotes":""},"categories":[84,83],"tags":[],"class_list":["post-3308","post","type-post","status-publish","format-standard","has-post-thumbnail","hentry","category-arts-martiaux","category-omnisport"],"_links":{"self":[{"href":"https:\/\/legeantsportif.dz\/index.php\/wp-json\/wp\/v2\/posts\/3308","targetHints":{"allow":["GET"]}}],"collection":[{"href":"https:\/\/legeantsportif.dz\/index.php\/wp-json\/wp\/v2\/posts"}],"about":[{"href":"https:\/\/legeantsportif.dz\/index.php\/wp-json\/wp\/v2\/types\/post"}],"author":[{"embeddable":true,"href":"https:\/\/legeantsportif.dz\/index.php\/wp-json\/wp\/v2\/users\/1"}],"replies":[{"embeddable":true,"href":"https:\/\/legeantsportif.dz\/index.php\/wp-json\/wp\/v2\/comments?post=3308"}],"version-history":[{"count":1,"href":"https:\/\/legeantsportif.dz\/index.php\/wp-json\/wp\/v2\/posts\/3308\/revisions"}],"predecessor-version":[{"id":3310,"href":"https:\/\/legeantsportif.dz\/index.php\/wp-json\/wp\/v2\/posts\/3308\/revisions\/3310"}],"wp:featuredmedia":[{"embeddable":true,"href":"https:\/\/legeantsportif.dz\/index.php\/wp-json\/wp\/v2\/media\/3309"}],"wp:attachment":[{"href":"https:\/\/legeantsportif.dz\/index.php\/wp-json\/wp\/v2\/media?parent=3308"}],"wp:term":[{"taxonomy":"category","embeddable":true,"href":"https:\/\/legeantsportif.dz\/index.php\/wp-json\/wp\/v2\/categories?post=3308"},{"taxonomy":"post_tag","embeddable":true,"href":"https:\/\/legeantsportif.dz\/index.php\/wp-json\/wp\/v2\/tags?post=3308"}],"curies":[{"name":"wp","href":"https:\/\/api.w.org\/{rel}","templated":true}]}}