{"id":3302,"date":"2026-08-31T11:08:46","date_gmt":"2026-08-31T11:08:46","guid":{"rendered":"https:\/\/legeantsportif.dz\/?p=3302"},"modified":"2026-08-31T11:08:48","modified_gmt":"2026-08-31T11:08:48","slug":"courtise-par-lyon-et-al-sadd-amoura-opte-pour-logc-nice","status":"publish","type":"post","link":"https:\/\/legeantsportif.dz\/index.php\/2026\/08\/31\/courtise-par-lyon-et-al-sadd-amoura-opte-pour-logc-nice\/","title":{"rendered":"Courtis\u00e9 par Lyon et Al-Sadd :\u00a0Amoura opte pour l&#8217;OGC Nice"},"content":{"rendered":"\n<p class=\"has-black-color has-text-color has-link-color wp-elements-1 wp-block-paragraph\">Tr\u00e8s courtis\u00e9 sur le march\u00e9 des transferts, Mohamed Amine Amoura a finalement arr\u00eat\u00e9 son choix. L\u2019international alg\u00e9rien devrait poursuivre sa carri\u00e8re en France sous les couleurs de l\u2019OGC Nice, apr\u00e8s avoir privil\u00e9gi\u00e9 la piste azur\u00e9enne malgr\u00e9 l\u2019int\u00e9r\u00eat de plusieurs pr\u00e9tendants, notamment l\u2019Olympique Lyonnais et le club qatari d\u2019Al-Sadd.<br>Apr\u00e8s plusieurs jours de discussions, le dossier semble d\u00e9sormais proche de son d\u00e9nouement. Selon les informations du journaliste sp\u00e9cialis\u00e9 dans les transferts Santi Aouna, l\u2019OGC Nice et le VfL Wolfsburg ont trouv\u00e9 un accord d\u00e9finitif pour le pr\u00eat de l\u2019attaquant alg\u00e9rien. Les derni\u00e8res formalit\u00e9s devraient permettre de finaliser rapidement une op\u00e9ration qui constitue l\u2019un des mouvements les plus suivis du mercato concernant un joueur alg\u00e9rien.<br>Le choix d\u2019Amoura en faveur de Nice intervient alors que son profil avait suscit\u00e9 l\u2019int\u00e9r\u00eat de plusieurs clubs. Lyon figurait notamment parmi les formations fran\u00e7aises d\u00e9sireuses de s\u2019attacher ses services, tandis qu\u2019Al-Sadd avait \u00e9galement manifest\u00e9 son int\u00e9r\u00eat pour le joueur. Malgr\u00e9 ces diff\u00e9rentes possibilit\u00e9s, l\u2019attaquant de la s\u00e9lection alg\u00e9rienne aurait finalement opt\u00e9 pour le projet ni\u00e7ois, privil\u00e9giant ainsi une nouvelle \u00e9tape dans sa carri\u00e8re europ\u00e9enne. <br>L\u2019arriv\u00e9e du joueur sur la C\u00f4te d\u2019Azur devrait intervenir tr\u00e8s prochainement. Amoura est attendu dans la r\u00e9gion ni\u00e7oise d\u00e8s dimanche apr\u00e8s-midi afin de poursuivre les d\u00e9marches n\u00e9cessaires \u00e0 la concr\u00e9tisation de son transfert. Cette venue devrait notamment lui permettre de passer les diff\u00e9rentes formalit\u00e9s pr\u00e9alables avant de parapher son nouveau contrat. Sauf changement de derni\u00e8re minute, la signature est programm\u00e9e pour lundi. Mohamed Amine Amoura deviendra alors officiellement un joueur de l\u2019OGC Nice, dans le cadre d\u2019un pr\u00eat en provenance de Wolfsburg. <br>Le club fran\u00e7ais esp\u00e8re ainsi renforcer consid\u00e9rablement son secteur offensif avec un \u00e9l\u00e9ment capable d\u2019apporter vitesse, percussion et profondeur. <br>\u00c0 24 ans, l\u2019international alg\u00e9rien poss\u00e8de d\u00e9j\u00e0 une exp\u00e9rience importante du football europ\u00e9en. Apr\u00e8s avoir \u00e9volu\u00e9 notamment en Suisse puis en Belgique, Amoura avait rejoint le championnat allemand pour poursuivre sa progression. Son passage \u00e0 Wolfsburg lui a permis de d\u00e9couvrir la Bundesliga et de confirmer certaines de ses qualit\u00e9s, m\u00eame si son rendement a \u00e9t\u00e9 plus irr\u00e9gulier durant la derni\u00e8re p\u00e9riode. Pour le joueur, ce changement de d\u00e9cor pourrait donc repr\u00e9senter l\u2019occasion de relancer pleinement sa dynamique et de retrouver davantage de r\u00e9gularit\u00e9. Le championnat fran\u00e7ais, qu\u2019il conna\u00eet d\u00e9j\u00e0 indirectement \u00e0 travers les diff\u00e9rentes confrontations europ\u00e9ennes, devrait lui offrir un environnement favorable \u00e0 son style bas\u00e9 sur l\u2019explosivit\u00e9 et les d\u00e9placements.<br> Du c\u00f4t\u00e9 ni\u00e7ois, l\u2019op\u00e9ration r\u00e9pond \u00e9galement \u00e0 une volont\u00e9 de renforcer l\u2019effectif avec un joueur offensif capable d\u2019\u00e9voluer \u00e0 plusieurs postes. Sa polyvalence et ses qualit\u00e9s de percussion constituent des arguments importants pour le staff technique, qui pourra compter sur une solution suppl\u00e9mentaire dans le dernier tiers du terrain. Le rendez-vous de lundi devrait ainsi marquer le d\u00e9but d\u2019un nouveau chapitre pour Amoura. Apr\u00e8s avoir \u00e9tudi\u00e9 plusieurs options, l\u2019Alg\u00e9rien aurait donc choisi la C\u00f4te d\u2019Azur plut\u00f4t que Lyon ou le Qatar. Il ne restera d\u00e9sormais plus qu\u2019\u00e0 officialiser sa signature pour voir le transfert devenir effectif.<\/p>\n\n\n\n<p class=\"has-text-align-right has-black-color has-text-color has-link-color wp-elements-2 wp-block-paragraph\"><strong>Rayane Mahdi<\/strong><\/p>\n","protected":false},"excerpt":{"rendered":"<p>Tr\u00e8s courtis\u00e9 sur le march\u00e9 des transferts, Mohamed Amine Amoura a finalement arr\u00eat\u00e9 son choix. L\u2019international alg\u00e9rien devrait poursuivre sa carri\u00e8re en France sous les couleurs de l\u2019OGC Nice, apr\u00e8s avoir privil\u00e9gi\u00e9 la piste azur\u00e9enne malgr\u00e9 l\u2019int\u00e9r\u00eat de plusieurs pr\u00e9tendants, notamment l\u2019Olympique Lyonnais et le club qatari d\u2019Al-Sadd.Apr\u00e8s plusieurs jours de discussions, le dossier semble&#8230;<\/p>\n","protected":false},"author":1,"featured_media":3303,"comment_status":"open","ping_status":"open","sticky":false,"template":"","format":"standard","meta":{"footnotes":""},"categories":[71,77],"tags":[],"class_list":["post-3302","post","type-post","status-publish","format-standard","has-post-thumbnail","hentry","category-football-national","category-verts-news"],"_links":{"self":[{"href":"https:\/\/legeantsportif.dz\/index.php\/wp-json\/wp\/v2\/posts\/3302","targetHints":{"allow":["GET"]}}],"collection":[{"href":"https:\/\/legeantsportif.dz\/index.php\/wp-json\/wp\/v2\/posts"}],"about":[{"href":"https:\/\/legeantsportif.dz\/index.php\/wp-json\/wp\/v2\/types\/post"}],"author":[{"embeddable":true,"href":"https:\/\/legeantsportif.dz\/index.php\/wp-json\/wp\/v2\/users\/1"}],"replies":[{"embeddable":true,"href":"https:\/\/legeantsportif.dz\/index.php\/wp-json\/wp\/v2\/comments?post=3302"}],"version-history":[{"count":1,"href":"https:\/\/legeantsportif.dz\/index.php\/wp-json\/wp\/v2\/posts\/3302\/revisions"}],"predecessor-version":[{"id":3304,"href":"https:\/\/legeantsportif.dz\/index.php\/wp-json\/wp\/v2\/posts\/3302\/revisions\/3304"}],"wp:featuredmedia":[{"embeddable":true,"href":"https:\/\/legeantsportif.dz\/index.php\/wp-json\/wp\/v2\/media\/3303"}],"wp:attachment":[{"href":"https:\/\/legeantsportif.dz\/index.php\/wp-json\/wp\/v2\/media?parent=3302"}],"wp:term":[{"taxonomy":"category","embeddable":true,"href":"https:\/\/legeantsportif.dz\/index.php\/wp-json\/wp\/v2\/categories?post=3302"},{"taxonomy":"post_tag","embeddable":true,"href":"https:\/\/legeantsportif.dz\/index.php\/wp-json\/wp\/v2\/tags?post=3302"}],"curies":[{"name":"wp","href":"https:\/\/api.w.org\/{rel}","templated":true}]}}