{"id":3299,"date":"2026-08-31T11:05:29","date_gmt":"2026-08-31T11:05:29","guid":{"rendered":"https:\/\/legeantsportif.dz\/?p=3299"},"modified":"2026-08-31T11:05:32","modified_gmt":"2026-08-31T11:05:32","slug":"manchester-city-un-debut-de-saison-complique-pour-ait-nouri","status":"publish","type":"post","link":"https:\/\/legeantsportif.dz\/index.php\/2026\/08\/31\/manchester-city-un-debut-de-saison-complique-pour-ait-nouri\/","title":{"rendered":"Manchester City :\u00a0Un d\u00e9but de saison compliqu\u00e9 pour A\u00eft-Nouri"},"content":{"rendered":"\n<p class=\"has-black-color has-text-color has-link-color wp-elements-1 wp-block-paragraph\">Le d\u00e9but de saison de Rayan A\u00eft-Nouri avec Manchester City est loin de r\u00e9pondre aux attentes. Arriv\u00e9 chez les Citizens avec l\u2019ambition de franchir un nouveau cap dans sa carri\u00e8re, l\u2019international alg\u00e9rien conna\u00eet actuellement une situation particuli\u00e8rement d\u00e9licate.<br>Le d\u00e9fenseur de 24 ans a assist\u00e9 depuis le banc aux trois premi\u00e8res rencontres de son \u00e9quipe, sans avoir b\u00e9n\u00e9fici\u00e9 de la moindre minute de jeu, une situation qui commence \u00e0 susciter des interrogations sur sa place dans les plans du nouvel entra\u00eeneur.\u00a0 Le constat est d\u2019autant plus surprenant que l\u2019Alg\u00e9rien avait \u00e9t\u00e9 recrut\u00e9 avec de grandes ambitions apr\u00e8s plusieurs saisons convaincantes en Premier League.<br> Son profil offensif, sa capacit\u00e9 \u00e0 se projeter et sa polyvalence avaient s\u00e9duit les dirigeants mancuniens, qui voyaient en lui une solution capable d\u2019apporter davantage de dynamisme sur le c\u00f4t\u00e9 gauche. Pourtant, quelques semaines seulement apr\u00e8s le d\u00e9but de son aventure, A\u00eft-Nouri doit d\u00e9j\u00e0 composer avec une concurrence particuli\u00e8rement f\u00e9roce. L\u2019arriv\u00e9e d\u2019Enzo Maresca a visiblement modifi\u00e9 la hi\u00e9rarchie au sein de la d\u00e9fense mancunienne.<br> Alors que Pep Guardiola avait contribu\u00e9 \u00e0 convaincre le joueur de rejoindre Manchester City et lui avait accord\u00e9 sa confiance lors de ses premi\u00e8res apparitions, son successeur semble privil\u00e9gier d\u2019autres profils. Sur le c\u00f4t\u00e9 gauche, Josko Gvardiol appara\u00eet d\u00e9sormais comme le premier choix du technicien, laissant A\u00eft-Nouri dans une position nettement moins favorable. Cette situation s\u2019est install\u00e9e d\u00e8s le Community Shield face \u00e0 Arsenal. Elle s\u2019est ensuite prolong\u00e9e lors de la premi\u00e8re journ\u00e9e de Premier League contre Bournemouth, avant de se confirmer lors de la deuxi\u00e8me journ\u00e9e. M\u00eame lorsque Manchester City s\u2019est largement impos\u00e9 \u00e0 Crystal Palace, A\u00eft-Nouri n\u2019a pas \u00e9t\u00e9 sollicit\u00e9. Le succ\u00e8s 4-1 des Citizens aurait pourtant pu offrir au staff l\u2019occasion de lui accorder quelques minutes, mais le d\u00e9fenseur est rest\u00e9 sur le banc jusqu\u2019au coup de sifflet final. Pour un joueur qui esp\u00e9rait s\u2019imposer rapidement dans l\u2019un des effectifs les plus comp\u00e9titifs d\u2019Europe, cette absence totale de temps de jeu constitue forc\u00e9ment un signal pr\u00e9occupant. Elle t\u00e9moigne surtout des choix actuels du nouvel entra\u00eeneur et de la difficult\u00e9 pour l\u2019international alg\u00e9rien \u00e0 inverser la tendance. <br>Le plus inqui\u00e9tant pour l\u2019ancien joueur de Wolverhampton r\u00e9side dans la dur\u00e9e de cette situation. Son exp\u00e9rience de la Premier League et ses qualit\u00e9s techniques semblaient pourtant constituer de s\u00e9rieux arguments pour gagner sa place. Mais malgr\u00e9 une pr\u00e9paration estivale qui pouvait lui permettre de prendre une longueur d\u2019avance sur certains concurrents moins avanc\u00e9s physiquement, l\u2019Alg\u00e9rien n\u2019a pas r\u00e9ussi \u00e0 profiter de cette opportunit\u00e9. Apr\u00e8s quatre saisons remarqu\u00e9es avec Wolverhampton, A\u00eft-Nouri se retrouve donc face \u00e0 un d\u00e9fi inattendu. Il devra d\u00e9sormais redoubler d\u2019efforts \u00e0 l\u2019entra\u00eenement pour convaincre Maresca de lui offrir une premi\u00e8re chance et ainsi relancer une dynamique qui semble actuellement interrompue. Il est \u00e9videmment trop t\u00f4t pour parler d\u2019un d\u00e9part, mais la situation m\u00e9rite d\u2019\u00eatre suivie avec attention. Si son statut ne change pas dans les prochaines semaines, le joueur pourrait \u00eatre confront\u00e9 \u00e0 un v\u00e9ritable dilemme : patienter et tenter de renverser la hi\u00e9rarchie ou envisager une nouvelle aventure afin de retrouver du temps de jeu. Pour l\u2019heure, une chose est certaine : A\u00eft-Nouri doit rapidement trouver la solution pour ne pas voir son passage \u00e0 Manchester City prendre une tournure bien diff\u00e9rente de celle esp\u00e9r\u00e9e.<\/p>\n\n\n\n<p class=\"has-text-align-right has-black-color has-text-color has-link-color wp-elements-2 wp-block-paragraph\"><strong>Mohamed Islam<\/strong><\/p>\n","protected":false},"excerpt":{"rendered":"<p>Le d\u00e9but de saison de Rayan A\u00eft-Nouri avec Manchester City est loin de r\u00e9pondre aux attentes. Arriv\u00e9 chez les Citizens avec l\u2019ambition de franchir un nouveau cap dans sa carri\u00e8re, l\u2019international alg\u00e9rien conna\u00eet actuellement une situation particuli\u00e8rement d\u00e9licate.Le d\u00e9fenseur de 24 ans a assist\u00e9 depuis le banc aux trois premi\u00e8res rencontres de son \u00e9quipe, sans&#8230;<\/p>\n","protected":false},"author":1,"featured_media":3300,"comment_status":"open","ping_status":"open","sticky":false,"template":"","format":"standard","meta":{"footnotes":""},"categories":[71,77],"tags":[],"class_list":["post-3299","post","type-post","status-publish","format-standard","has-post-thumbnail","hentry","category-football-national","category-verts-news"],"_links":{"self":[{"href":"https:\/\/legeantsportif.dz\/index.php\/wp-json\/wp\/v2\/posts\/3299","targetHints":{"allow":["GET"]}}],"collection":[{"href":"https:\/\/legeantsportif.dz\/index.php\/wp-json\/wp\/v2\/posts"}],"about":[{"href":"https:\/\/legeantsportif.dz\/index.php\/wp-json\/wp\/v2\/types\/post"}],"author":[{"embeddable":true,"href":"https:\/\/legeantsportif.dz\/index.php\/wp-json\/wp\/v2\/users\/1"}],"replies":[{"embeddable":true,"href":"https:\/\/legeantsportif.dz\/index.php\/wp-json\/wp\/v2\/comments?post=3299"}],"version-history":[{"count":1,"href":"https:\/\/legeantsportif.dz\/index.php\/wp-json\/wp\/v2\/posts\/3299\/revisions"}],"predecessor-version":[{"id":3301,"href":"https:\/\/legeantsportif.dz\/index.php\/wp-json\/wp\/v2\/posts\/3299\/revisions\/3301"}],"wp:featuredmedia":[{"embeddable":true,"href":"https:\/\/legeantsportif.dz\/index.php\/wp-json\/wp\/v2\/media\/3300"}],"wp:attachment":[{"href":"https:\/\/legeantsportif.dz\/index.php\/wp-json\/wp\/v2\/media?parent=3299"}],"wp:term":[{"taxonomy":"category","embeddable":true,"href":"https:\/\/legeantsportif.dz\/index.php\/wp-json\/wp\/v2\/categories?post=3299"},{"taxonomy":"post_tag","embeddable":true,"href":"https:\/\/legeantsportif.dz\/index.php\/wp-json\/wp\/v2\/tags?post=3299"}],"curies":[{"name":"wp","href":"https:\/\/api.w.org\/{rel}","templated":true}]}}