{"id":3296,"date":"2026-08-31T11:03:11","date_gmt":"2026-08-31T11:03:11","guid":{"rendered":"https:\/\/legeantsportif.dz\/?p=3296"},"modified":"2026-08-31T11:03:14","modified_gmt":"2026-08-31T11:03:14","slug":"bundesliga-maza-demarre-par-une-passe-decisive","status":"publish","type":"post","link":"https:\/\/legeantsportif.dz\/index.php\/2026\/08\/31\/bundesliga-maza-demarre-par-une-passe-decisive\/","title":{"rendered":"Bundesliga :\u00a0Maza d\u00e9marre par une passe d\u00e9cisive"},"content":{"rendered":"\n<p class=\"has-black-color has-text-color has-link-color wp-elements-1 wp-block-paragraph\">Le Bayer Leverkusen a connu une entr\u00e9e en mati\u00e8re particuli\u00e8rement frustrante pour son retour aux affaires en Bundesliga. En d\u00e9placement sur la pelouse du SV 07 Elversberg, fra\u00eechement promu dans l\u2019\u00e9lite, le club allemand s\u2019est inclin\u00e9 sur le score de 3-2 au terme d\u2019une rencontre compl\u00e8tement folle.<br>Si le r\u00e9sultat constitue une mauvaise op\u00e9ration pour les hommes de Leverkusen, Ibrahim Maza peut, de son c\u00f4t\u00e9, retenir une note positive de cette premi\u00e8re sortie officielle de la saison. Titulaire, l\u2019international alg\u00e9rien a particip\u00e9 activement au r\u00e9veil tardif de son \u00e9quipe en d\u00e9livrant une passe d\u00e9cisive, sa premi\u00e8re de l\u2019exercice 2026-2027. Une contribution qui confirme que le jeune milieu offensif demeure l\u2019une des cartes importantes sur lesquelles le Bayer pourra compter au cours de cette nouvelle campagne. Les joueurs d\u2019Elversberg n\u2019ont pas attendu longtemps pour faire vaciller leur prestigieux adversaire.<br> Port\u00e9s par une entame de match tr\u00e8s agressive, les locaux ont rapidement pris les commandes. Petrov a ouvert le score d\u00e8s la 8e minute, avant que Campbell ne double la mise \u00e0 peine une minute plus tard. Compl\u00e8tement surpris par l\u2019intensit\u00e9 impos\u00e9e par le promu, Leverkusen a rejoint les vestiaires avec un lourd retard \u00e0 combler. La situation s\u2019est encore compliqu\u00e9e au retour des vestiaires. D\u00e8s la 46e minute, Mkowa a inscrit le troisi\u00e8me but des locaux et plac\u00e9 le Bayer dans une situation presque d\u00e9sesp\u00e9r\u00e9e. Men\u00e9s 3-0, les visiteurs ont alors d\u00fb se d\u00e9couvrir et prendre davantage de risques pour tenter de revenir dans la partie. C\u2019est dans cette p\u00e9riode difficile que Maza a r\u00e9ussi \u00e0 apporter sa contribution. \u00c0 la 77e minute, le joueur alg\u00e9rien a tent\u00e9 sa chance, mais sa frappe n\u2019a pas eu la puissance n\u00e9cessaire pour inqui\u00e9ter le gardien adverse. Elle s\u2019est toutefois transform\u00e9e en excellente opportunit\u00e9 pour Patrik Schick, qui a parfaitement suivi l\u2019action et n\u2019a eu qu\u2019\u00e0 pousser le ballon au fond des filets depuis les six m\u00e8tres. Cette r\u00e9duction du score a redonn\u00e9 un peu d\u2019espoir au Bayer, mais le r\u00e9veil est intervenu trop tard. <br>Dans le temps additionnel, Christian Kofane a inscrit un deuxi\u00e8me but pour Leverkusen \u00e0 la 91e minute. Malgr\u00e9 cette nouvelle r\u00e9alisation, les hommes du Bayer n\u2019ont jamais r\u00e9ussi \u00e0 \u00e9galiser et ont d\u00fb conc\u00e9der une d\u00e9faite inattendue face au promu. Si cette premi\u00e8re journ\u00e9e laisse forc\u00e9ment un go\u00fbt amer au club, la prestation individuelle de Maza apporte une l\u00e9g\u00e8re \u00e9claircie. L\u2019Alg\u00e9rien a d\u00e9j\u00e0 trouv\u00e9 le moyen de se montrer d\u00e9cisif d\u00e8s son premier match de championnat et confirme ainsi sa progression depuis son arriv\u00e9e en Allemagne. Recrut\u00e9 \u00e0 l\u2019\u00e9t\u00e9 2025, Maza avait connu une premi\u00e8re saison riche en apprentissage avec Leverkusen. En 44 apparitions toutes comp\u00e9titions confondues, il avait inscrit cinq buts et d\u00e9livr\u00e9 quatre passes d\u00e9cisives. \u00c0 seulement 20 ans, il semble d\u00e9sormais appel\u00e9 \u00e0 prendre davantage de responsabilit\u00e9s dans le dispositif du Bayer. <br>La saison ne fait que commencer, mais cette premi\u00e8re sortie a d\u00e9j\u00e0 livr\u00e9 deux enseignements : Leverkusen devra rapidement corriger ses lacunes d\u00e9fensives, tandis que Maza entend visiblement poursuivre sur sa lanc\u00e9e et s\u2019installer davantage comme un \u00e9l\u00e9ment offensif capable de faire la diff\u00e9rence.<\/p>\n\n\n\n<p class=\"has-text-align-right has-black-color has-text-color has-link-color wp-elements-2 wp-block-paragraph\"><strong>Sidou Samy<\/strong><\/p>\n","protected":false},"excerpt":{"rendered":"<p>Le Bayer Leverkusen a connu une entr\u00e9e en mati\u00e8re particuli\u00e8rement frustrante pour son retour aux affaires en Bundesliga. En d\u00e9placement sur la pelouse du SV 07 Elversberg, fra\u00eechement promu dans l\u2019\u00e9lite, le club allemand s\u2019est inclin\u00e9 sur le score de 3-2 au terme d\u2019une rencontre compl\u00e8tement folle.Si le r\u00e9sultat constitue une mauvaise op\u00e9ration pour les&#8230;<\/p>\n","protected":false},"author":1,"featured_media":3297,"comment_status":"open","ping_status":"open","sticky":false,"template":"","format":"standard","meta":{"footnotes":""},"categories":[71,77],"tags":[],"class_list":["post-3296","post","type-post","status-publish","format-standard","has-post-thumbnail","hentry","category-football-national","category-verts-news"],"_links":{"self":[{"href":"https:\/\/legeantsportif.dz\/index.php\/wp-json\/wp\/v2\/posts\/3296","targetHints":{"allow":["GET"]}}],"collection":[{"href":"https:\/\/legeantsportif.dz\/index.php\/wp-json\/wp\/v2\/posts"}],"about":[{"href":"https:\/\/legeantsportif.dz\/index.php\/wp-json\/wp\/v2\/types\/post"}],"author":[{"embeddable":true,"href":"https:\/\/legeantsportif.dz\/index.php\/wp-json\/wp\/v2\/users\/1"}],"replies":[{"embeddable":true,"href":"https:\/\/legeantsportif.dz\/index.php\/wp-json\/wp\/v2\/comments?post=3296"}],"version-history":[{"count":1,"href":"https:\/\/legeantsportif.dz\/index.php\/wp-json\/wp\/v2\/posts\/3296\/revisions"}],"predecessor-version":[{"id":3298,"href":"https:\/\/legeantsportif.dz\/index.php\/wp-json\/wp\/v2\/posts\/3296\/revisions\/3298"}],"wp:featuredmedia":[{"embeddable":true,"href":"https:\/\/legeantsportif.dz\/index.php\/wp-json\/wp\/v2\/media\/3297"}],"wp:attachment":[{"href":"https:\/\/legeantsportif.dz\/index.php\/wp-json\/wp\/v2\/media?parent=3296"}],"wp:term":[{"taxonomy":"category","embeddable":true,"href":"https:\/\/legeantsportif.dz\/index.php\/wp-json\/wp\/v2\/categories?post=3296"},{"taxonomy":"post_tag","embeddable":true,"href":"https:\/\/legeantsportif.dz\/index.php\/wp-json\/wp\/v2\/tags?post=3296"}],"curies":[{"name":"wp","href":"https:\/\/api.w.org\/{rel}","templated":true}]}}