{"id":3268,"date":"2026-08-30T11:40:57","date_gmt":"2026-08-30T11:40:57","guid":{"rendered":"https:\/\/legeantsportif.dz\/?p=3268"},"modified":"2026-08-30T11:40:59","modified_gmt":"2026-08-30T11:40:59","slug":"ligue-1-mobilis-la-faf-reporte-la-premiere-journee-apres-les-incendies","status":"publish","type":"post","link":"https:\/\/legeantsportif.dz\/index.php\/2026\/08\/30\/ligue-1-mobilis-la-faf-reporte-la-premiere-journee-apres-les-incendies\/","title":{"rendered":"Ligue 1 Mobilis :\u00a0La FAF reporte la premi\u00e8re journ\u00e9e apr\u00e8s les incendies"},"content":{"rendered":"\n<p class=\"has-black-color has-text-color has-link-color wp-elements-1 wp-block-paragraph\">La F\u00e9d\u00e9ration alg\u00e9rienne de football (FAF) a d\u00e9cid\u00e9 de reporter le coup d\u2019envoi du championnat de Ligue 1 Mobilis, initialement pr\u00e9vu les 27, 28 et 29 ao\u00fbt 2026. La premi\u00e8re journ\u00e9e se disputera finalement les 3, 4 et 5 septembre prochains, en raison du deuil national d\u00e9cr\u00e9t\u00e9 \u00e0 la suite des violents incendies qui ont touch\u00e9 plusieurs r\u00e9gions du pays.<br>Dans un communiqu\u00e9 publi\u00e9 jeudi, l\u2019instance f\u00e9d\u00e9rale a annonc\u00e9 ce report en signe de solidarit\u00e9 avec les familles des victimes ainsi qu\u2019avec toutes les personnes affect\u00e9es par cette trag\u00e9die. La FAF a \u00e9galement exprim\u00e9 ses v\u0153ux de prompt r\u00e9tablissement aux bless\u00e9s et r\u00e9affirm\u00e9 son soutien aux populations durement touch\u00e9es par les incendies. Cette d\u00e9cision intervient alors que les clubs de l\u2019\u00e9lite avaient achev\u00e9 leur pr\u00e9paration et s\u2019appr\u00eataient \u00e0 renouer avec la comp\u00e9tition officielle. Plusieurs \u00e9quipes avaient d\u00e9j\u00e0 finalis\u00e9 leur recrutement et effectu\u00e9 les derniers r\u00e9glages avant une premi\u00e8re journ\u00e9e tr\u00e8s attendue. Le report vient donc modifier le calendrier initial et oblige les diff\u00e9rents staffs techniques \u00e0 adapter leur programme de pr\u00e9paration.<\/p>\n\n\n\n<p class=\"has-text-align-center has-black-color has-text-color has-link-color wp-elements-2 wp-block-paragraph\"><strong><u>Les matchs amicaux \u00e9galement annul\u00e9s<\/u><\/strong><\/p>\n\n\n\n<p class=\"has-black-color has-text-color has-link-color wp-elements-3 wp-block-paragraph\">La FAF ne s\u2019est pas limit\u00e9e au report de la premi\u00e8re journ\u00e9e du championnat. L\u2019ensemble des rencontres amicales programm\u00e9es durant la p\u00e9riode correspondant au deuil national a \u00e9galement \u00e9t\u00e9 annul\u00e9.<br>Cette mesure vise \u00e0 respecter le caract\u00e8re exceptionnel de la situation et \u00e0 permettre \u00e0 l\u2019ensemble de la famille du football alg\u00e9rien de s\u2019associer au mouvement de solidarit\u00e9 nationale. Les clubs concern\u00e9s devront ainsi revoir leur planning et g\u00e9rer cette p\u00e9riode suppl\u00e9mentaire sans comp\u00e9tition. Pour les entra\u00eeneurs, ce report peut toutefois constituer une occasion de poursuivre le travail entrepris durant la pr\u00e9paration estivale. Les nouvelles recrues pourront notamment b\u00e9n\u00e9ficier de quelques jours suppl\u00e9mentaires pour s\u2019int\u00e9grer \u00e0 leur nouvel environnement et am\u00e9liorer leurs automatismes avec leurs co\u00e9quipiers.\u00a0 Sauf nouvelle modification, les supporters devront donc patienter jusqu\u2019au 3 septembre pour assister aux premi\u00e8res rencontres de la nouvelle saison de Ligue 1 Mobilis. Les journ\u00e9es des 4 et 5 septembre permettront de compl\u00e9ter le programme de cette premi\u00e8re lev\u00e9e du championnat.<\/p>\n\n\n\n<p class=\"has-text-align-center has-black-color has-text-color has-link-color wp-elements-4 wp-block-paragraph\"><strong><u>Une reprise fix\u00e9e au 3 septembre<\/u><\/strong><\/p>\n\n\n\n<p class=\"has-black-color has-text-color has-link-color wp-elements-5 wp-block-paragraph\">Ce d\u00e9calage intervient dans un contexte particulier pour plusieurs formations, notamment celles qui ont profond\u00e9ment remani\u00e9 leur effectif durant le mercato. Les entra\u00eeneurs disposeront d\u00e9sormais d\u2019un d\u00e9lai suppl\u00e9mentaire pour peaufiner leurs choix et travailler davantage la coh\u00e9sion collective. Outre l\u2019aspect purement sportif, la FAF a surtout voulu marquer sa solidarit\u00e9 avec les victimes et les familles endeuill\u00e9es. Dans son communiqu\u00e9, l\u2019instance dirigeante du football alg\u00e9rien a renouvel\u00e9 ses condol\u00e9ances les plus sinc\u00e8res aux proches des victimes et assur\u00e9 les personnes touch\u00e9es par les incendies du soutien de toute la famille footballistique nationale. Le football alg\u00e9rien met ainsi momentan\u00e9ment ses activit\u00e9s entre parenth\u00e8ses, dans un contexte o\u00f9 la priorit\u00e9 demeure la solidarit\u00e9 avec les victimes de cette douloureuse \u00e9preuve. Le championnat reprendra donc une semaine plus tard que pr\u00e9vu, avec une premi\u00e8re journ\u00e9e d\u00e9sormais programm\u00e9e les 3, 4 et 5 septembre. Les clubs devront profiter de ce d\u00e9lai suppl\u00e9mentaire pour finaliser leur pr\u00e9paration et \u00eatre pr\u00eats d\u00e8s la reprise, avec l\u2019ambition de r\u00e9ussir leur entr\u00e9e dans une saison qui s\u2019annonce particuli\u00e8rement disput\u00e9e.<\/p>\n\n\n\n<p class=\"has-text-align-right has-black-color has-text-color has-link-color wp-elements-6 wp-block-paragraph\"><strong>R\u00e9da Hafid<\/strong><\/p>\n","protected":false},"excerpt":{"rendered":"<p>La F\u00e9d\u00e9ration alg\u00e9rienne de football (FAF) a d\u00e9cid\u00e9 de reporter le coup d\u2019envoi du championnat de Ligue 1 Mobilis, initialement pr\u00e9vu les 27, 28 et 29 ao\u00fbt 2026. La premi\u00e8re journ\u00e9e se disputera finalement les 3, 4 et 5 septembre prochains, en raison du deuil national d\u00e9cr\u00e9t\u00e9 \u00e0 la suite des violents incendies qui ont&#8230;<\/p>\n","protected":false},"author":1,"featured_media":3278,"comment_status":"open","ping_status":"open","sticky":false,"template":"","format":"standard","meta":{"footnotes":""},"categories":[71,73],"tags":[],"class_list":["post-3268","post","type-post","status-publish","format-standard","has-post-thumbnail","hentry","category-football-national","category-ligue1"],"_links":{"self":[{"href":"https:\/\/legeantsportif.dz\/index.php\/wp-json\/wp\/v2\/posts\/3268","targetHints":{"allow":["GET"]}}],"collection":[{"href":"https:\/\/legeantsportif.dz\/index.php\/wp-json\/wp\/v2\/posts"}],"about":[{"href":"https:\/\/legeantsportif.dz\/index.php\/wp-json\/wp\/v2\/types\/post"}],"author":[{"embeddable":true,"href":"https:\/\/legeantsportif.dz\/index.php\/wp-json\/wp\/v2\/users\/1"}],"replies":[{"embeddable":true,"href":"https:\/\/legeantsportif.dz\/index.php\/wp-json\/wp\/v2\/comments?post=3268"}],"version-history":[{"count":1,"href":"https:\/\/legeantsportif.dz\/index.php\/wp-json\/wp\/v2\/posts\/3268\/revisions"}],"predecessor-version":[{"id":3279,"href":"https:\/\/legeantsportif.dz\/index.php\/wp-json\/wp\/v2\/posts\/3268\/revisions\/3279"}],"wp:featuredmedia":[{"embeddable":true,"href":"https:\/\/legeantsportif.dz\/index.php\/wp-json\/wp\/v2\/media\/3278"}],"wp:attachment":[{"href":"https:\/\/legeantsportif.dz\/index.php\/wp-json\/wp\/v2\/media?parent=3268"}],"wp:term":[{"taxonomy":"category","embeddable":true,"href":"https:\/\/legeantsportif.dz\/index.php\/wp-json\/wp\/v2\/categories?post=3268"},{"taxonomy":"post_tag","embeddable":true,"href":"https:\/\/legeantsportif.dz\/index.php\/wp-json\/wp\/v2\/tags?post=3268"}],"curies":[{"name":"wp","href":"https:\/\/api.w.org\/{rel}","templated":true}]}}