{"id":3266,"date":"2026-08-30T11:43:12","date_gmt":"2026-08-30T11:43:12","guid":{"rendered":"https:\/\/legeantsportif.dz\/?p=3266"},"modified":"2026-08-30T11:59:28","modified_gmt":"2026-08-30T11:59:28","slug":"mohamed-allalou-selectionneur-national-un-bilan-satisfaisant-et-positif-pour-la-boxe-algerienne","status":"publish","type":"post","link":"https:\/\/legeantsportif.dz\/index.php\/2026\/08\/30\/mohamed-allalou-selectionneur-national-un-bilan-satisfaisant-et-positif-pour-la-boxe-algerienne\/","title":{"rendered":"Mohamed Allalou, s\u00e9lectionneur national :\u00a0\u00ab Un bilan satisfaisant et positif pour la boxe alg\u00e9rienne \u00bb"},"content":{"rendered":"\n<p class=\"has-black-color has-text-color has-link-color wp-elements-1 wp-block-paragraph\">Le s\u00e9lectionneur national, Mohamed Allalou, s\u2019est montr\u00e9 satisfait de la prestation des boxeurs alg\u00e9riens, qualifiant le bilan de la participation de \u00ab satisfaisant et positif \u00bb. Pour l\u2019ancien m\u00e9daill\u00e9 de bronze aux Jeux olympiques de Sydney 2000, cette performance constitue surtout un signal encourageant pour l\u2019avenir de la boxe nationale.<br>Allalou estime que les r\u00e9sultats obtenus confirment la pertinence du travail engag\u00e9 ces derniers mois, notamment dans le cadre du renouvellement de l\u2019effectif. \u00ab Cette prestation refl\u00e8te la r\u00e9ussite du plan de renouvellement de l\u2019\u00e9quipe nationale \u00bb, a-t-il soulign\u00e9, mettant \u00e9galement en avant le niveau technique affich\u00e9 par les pugilistes alg\u00e9riens face \u00e0 des adversaires exp\u00e9riment\u00e9s. Le s\u00e9lectionneur appelle toutefois \u00e0 ne pas s\u2019arr\u00eater \u00e0 ces r\u00e9sultats et insiste sur l\u2019importance d\u2019accompagner davantage les athl\u00e8tes. Il estime n\u00e9cessaire de poursuivre le soutien aux boxeurs et de leur garantir les moyens de pr\u00e9paration ad\u00e9quats afin de leur permettre de franchir de nouveaux paliers lors des prochaines \u00e9ch\u00e9ances internationales, avec en ligne de mire les Jeux olympiques de Los Angeles 2028. De son c\u00f4t\u00e9, le directeur technique national, Sa\u00efd Ibegrachen, a relev\u00e9 l\u2019efficacit\u00e9 du groupe alg\u00e9rien sur les plans technique et tactique. Il s\u2019est notamment appuy\u00e9 sur un chiffre r\u00e9v\u00e9lateur : cinq boxeurs sur les dix engag\u00e9s ont r\u00e9ussi \u00e0 monter sur le podium, soit un taux de r\u00e9ussite de 50 %. Pour Ibegrachen, cette comp\u00e9tition repr\u00e9sente avant tout une premi\u00e8re \u00e9tape dans un projet plus ambitieux. Un programme de travail structur\u00e9 et rigoureux sera ainsi mis en place d\u00e8s le retour de la d\u00e9l\u00e9gation en Alg\u00e9rie, avec pour objectif de pr\u00e9parer suffisamment t\u00f4t les prochaines qualifications olympiques et de construire une \u00e9quipe capable de rivaliser au plus haut niveau.<\/p>\n\n\n\n<p class=\"has-text-align-right has-black-color has-text-color has-link-color wp-elements-2 wp-block-paragraph\"><strong>De notre envoy\u00e9 sp\u00e9cial \u00e0 Tarente&nbsp;<\/strong><\/p>\n\n\n\n<p class=\"has-text-align-right has-black-color has-text-color has-link-color wp-elements-3 wp-block-paragraph\"><strong>Mounir Benkaci<\/strong><\/p>\n\n\n\n<p class=\"wp-block-paragraph\"><\/p>\n","protected":false},"excerpt":{"rendered":"<p>Le s\u00e9lectionneur national, Mohamed Allalou, s\u2019est montr\u00e9 satisfait de la prestation des boxeurs alg\u00e9riens, qualifiant le bilan de la participation de \u00ab satisfaisant et positif \u00bb. Pour l\u2019ancien m\u00e9daill\u00e9 de bronze aux Jeux olympiques de Sydney 2000, cette performance constitue surtout un signal encourageant pour l\u2019avenir de la boxe nationale.Allalou estime que les r\u00e9sultats obtenus&#8230;<\/p>\n","protected":false},"author":1,"featured_media":3280,"comment_status":"open","ping_status":"open","sticky":false,"template":"","format":"standard","meta":{"footnotes":""},"categories":[84,83],"tags":[],"class_list":["post-3266","post","type-post","status-publish","format-standard","has-post-thumbnail","hentry","category-arts-martiaux","category-omnisport"],"_links":{"self":[{"href":"https:\/\/legeantsportif.dz\/index.php\/wp-json\/wp\/v2\/posts\/3266","targetHints":{"allow":["GET"]}}],"collection":[{"href":"https:\/\/legeantsportif.dz\/index.php\/wp-json\/wp\/v2\/posts"}],"about":[{"href":"https:\/\/legeantsportif.dz\/index.php\/wp-json\/wp\/v2\/types\/post"}],"author":[{"embeddable":true,"href":"https:\/\/legeantsportif.dz\/index.php\/wp-json\/wp\/v2\/users\/1"}],"replies":[{"embeddable":true,"href":"https:\/\/legeantsportif.dz\/index.php\/wp-json\/wp\/v2\/comments?post=3266"}],"version-history":[{"count":2,"href":"https:\/\/legeantsportif.dz\/index.php\/wp-json\/wp\/v2\/posts\/3266\/revisions"}],"predecessor-version":[{"id":3292,"href":"https:\/\/legeantsportif.dz\/index.php\/wp-json\/wp\/v2\/posts\/3266\/revisions\/3292"}],"wp:featuredmedia":[{"embeddable":true,"href":"https:\/\/legeantsportif.dz\/index.php\/wp-json\/wp\/v2\/media\/3280"}],"wp:attachment":[{"href":"https:\/\/legeantsportif.dz\/index.php\/wp-json\/wp\/v2\/media?parent=3266"}],"wp:term":[{"taxonomy":"category","embeddable":true,"href":"https:\/\/legeantsportif.dz\/index.php\/wp-json\/wp\/v2\/categories?post=3266"},{"taxonomy":"post_tag","embeddable":true,"href":"https:\/\/legeantsportif.dz\/index.php\/wp-json\/wp\/v2\/tags?post=3266"}],"curies":[{"name":"wp","href":"https:\/\/api.w.org\/{rel}","templated":true}]}}